{"id":188,"date":"2019-04-30T09:03:01","date_gmt":"2019-04-30T07:03:01","guid":{"rendered":"https:\/\/sites.univ-lyon2.fr\/cahiersdemusique\/?p=188"},"modified":"2019-04-30T09:03:01","modified_gmt":"2019-04-30T07:03:01","slug":"notre-iliade","status":"publish","type":"post","link":"https:\/\/sites.univ-lyon2.fr\/cahiersdemusique\/notre-iliade\/","title":{"rendered":"Notre Iliade"},"content":{"rendered":"<div class=\"page\" title=\"Page 1\">\n<div class=\"section\">\n<div class=\"layoutArea\">\n<div class=\"column\">\n<h6 style=\"text-align: center;\">20-23 mars 2019, Mus\u00e9e des Moulages<br \/>\nUniversit\u00e9 Lumi\u00e8re Lyon 2<\/h6>\n<p style=\"text-align: center;\">&#8212;&#8212;&#8212;-<\/p>\n<p>Raconter l\u2019Iliade \u00e0 partir des statues du mus\u00e9e : tel \u00e9tait le d\u00e9fi lanc\u00e9 par le Festival Europ\u00e9en Latin- Grec au Mus\u00e9e des Moulages en 2018, qui donne lieu au spectacle in\u00e9dit propos\u00e9 aujourd\u2019hui sous le titre de Notre Iliade.<\/p>\n<p>Pour l\u2019occasion, le mus\u00e9e se transforme en sc\u00e8ne de th\u00e9\u00e2tre, avec musiques, coiffures et costumes pour mettre en lumi\u00e8re une douzaine de ses statues relatives \u00e0 la Guerre de Troie : Iphig\u00e9nie, Aphrodite, Achille, M\u00e9n\u00e9las, Laocoon, Art\u00e9mis, et bien d\u2019autres.<\/p>\n<p>Les visiteurs sont ainsi amen\u00e9s \u00e0 d\u00e9ambuler d\u2019une statue \u00e0 l\u2019autre pendant une quarantaine de minutes, guid\u00e9s par de jeunes com\u00e9dien.nes qui joueront les textes cr\u00e9\u00e9s par nos \u00e9tudiant.es pour raconter et faire partager \u00ab\u00a0leur Iliade\u00a0\u00bb&#8230;<\/p>\n<\/div>\n<div class=\"column\">&#8212;&#8212;&#8212;-<\/p>\n<p style=\"margin: .1pt 0cm .1pt 0cm;\">Ce projet p\u00e9dagogique est le fruit d\u2019une collaboration entre l\u2019\u00e9quipe du mus\u00e9e, soutenue par la Direction de l\u2019action cultuelle et de la diffusion des savoirs de l\u2019universit\u00e9 Lyon 2, et un large faisceau de partenaires.<\/p>\n<p style=\"margin: .1pt 0cm .1pt 0cm;\">Au sein de l\u2019universit\u00e9 Lyon 2, font partie du projet les \u00e9tudiant.es de 2e ann\u00e9e de licence de lettres sous la direction de leur enseignante Marie-Karine Lhomm\u00e9, des \u00e9tudiant.es du d\u00e9partement musique et musicologie emmen\u00e9.es par leur enseignant Bertrand Merlier et des \u00e9tudiants en art, th\u00e9\u00e2tre et arts du spectacle.<\/p>\n<p style=\"margin: .1pt 0cm .1pt 0cm;\">Au-del\u00e0 de l\u2019Universit\u00e9, la Soci\u00e9t\u00e9 d\u2019Enseignement Professionnelle du Rh\u00f4ne (SEPR) avec le p\u00f4le des m\u00e9tiers de la Beaut\u00e9 et l\u2019Ecole Nationale Sup\u00e9rieure des Arts et Techniques du Th\u00e9\u00e2tre (ENSATT) pour la partie costume pr\u00eatent \u00e9galement leur concours.<\/p>\n<p style=\"margin: .1pt 0cm .1pt 0cm;\">La coordination et la direction artistique a \u00e9t\u00e9 confi\u00e9e \u00e0 Pierre Kuentz, directeur artistique de la compagnie Les Infortunes.<\/p>\n<p>&#8212;&#8212;&#8212;-<\/p>\n<p style=\"margin: .1pt 0cm .1pt 0cm;\">Le Mus\u00e9e des Moulages (MuMo) est un mus\u00e9e de sculpture r\u00e9unissant une collection de pr\u00e8s de 1600 tirages en pl\u00e2tre d\u2019apr\u00e8s les \u0153uvres les plus c\u00e9l\u00e8bres de l\u2019histoire de l\u2019art occidentale r\u00e9unis \u00e0 la fin du XIXe si\u00e8cle. Au c\u0153ur du 3e arrondissement de Lyon, le MuMo rel\u00e8ve de l\u2019universit\u00e9 Lumi\u00e8re Lyon 2 et a pour vocation de travailler avec \u00e9tudiants et enseignants dans des projets p\u00e9dagogiques de cr\u00e9ation artistique et de diffusion des savoirs. Ferm\u00e9 pour travaux depuis quelques ann\u00e9es, il rouvre ses portes au public en mars 2019.<\/p>\n<\/div>\n<\/div>\n<\/div>\n<\/div>\n","protected":false},"excerpt":{"rendered":"<p>20-23 mars 2019, Mus\u00e9e des Moulages Universit\u00e9 Lumi\u00e8re Lyon 2 &#8212;&#8212;&#8212;- Raconter l\u2019Iliade \u00e0 partir des statues du mus\u00e9e : tel \u00e9tait le d\u00e9fi lanc\u00e9 par le Festival Europ\u00e9en Latin- Grec au Mus\u00e9e des Moulages en 2018, qui donne lieu au spectacle in\u00e9dit propos\u00e9 aujourd\u2019hui sous le titre de Notre Iliade. Pour l\u2019occasion, le mus\u00e9e &hellip; <a href=\"https:\/\/sites.univ-lyon2.fr\/cahiersdemusique\/notre-iliade\/\" class=\"more-link\">Continuer la lecture<span class=\"screen-reader-text\"> de &laquo;&nbsp;Notre Iliade&nbsp;&raquo;<\/span><\/a><\/p>\n","protected":false},"author":3,"featured_media":0,"comment_status":"open","ping_status":"open","sticky":false,"template":"","format":"standard","meta":[],"categories":[2,19],"tags":[],"_links":{"self":[{"href":"https:\/\/sites.univ-lyon2.fr\/cahiersdemusique\/wp-json\/wp\/v2\/posts\/188"}],"collection":[{"href":"https:\/\/sites.univ-lyon2.fr\/cahiersdemusique\/wp-json\/wp\/v2\/posts"}],"about":[{"href":"https:\/\/sites.univ-lyon2.fr\/cahiersdemusique\/wp-json\/wp\/v2\/types\/post"}],"author":[{"embeddable":true,"href":"https:\/\/sites.univ-lyon2.fr\/cahiersdemusique\/wp-json\/wp\/v2\/users\/3"}],"replies":[{"embeddable":true,"href":"https:\/\/sites.univ-lyon2.fr\/cahiersdemusique\/wp-json\/wp\/v2\/comments?post=188"}],"version-history":[{"count":5,"href":"https:\/\/sites.univ-lyon2.fr\/cahiersdemusique\/wp-json\/wp\/v2\/posts\/188\/revisions"}],"predecessor-version":[{"id":211,"href":"https:\/\/sites.univ-lyon2.fr\/cahiersdemusique\/wp-json\/wp\/v2\/posts\/188\/revisions\/211"}],"wp:attachment":[{"href":"https:\/\/sites.univ-lyon2.fr\/cahiersdemusique\/wp-json\/wp\/v2\/media?parent=188"}],"wp:term":[{"taxonomy":"category","embeddable":true,"href":"https:\/\/sites.univ-lyon2.fr\/cahiersdemusique\/wp-json\/wp\/v2\/categories?post=188"},{"taxonomy":"post_tag","embeddable":true,"href":"https:\/\/sites.univ-lyon2.fr\/cahiersdemusique\/wp-json\/wp\/v2\/tags?post=188"}],"curies":[{"name":"wp","href":"https:\/\/api.w.org\/{rel}","templated":true}]}}